{"id":2854,"date":"2025-08-16T16:14:57","date_gmt":"2025-08-16T13:14:57","guid":{"rendered":"https:\/\/shafaq.ly\/comment-la-perception-du-risque-influence-nos-comportements-sociaux-et-economiques\/"},"modified":"2025-08-16T16:14:57","modified_gmt":"2025-08-16T13:14:57","slug":"comment-la-perception-du-risque-influence-nos-comportements-sociaux-et-economiques","status":"publish","type":"post","link":"https:\/\/shafaq.ly\/en\/comment-la-perception-du-risque-influence-nos-comportements-sociaux-et-economiques\/","title":{"rendered":"Comment la perception du risque influence nos comportements sociaux et \u00e9conomiques"},"content":{"rendered":"<div style=\"max-width: 900px; margin: auto; padding: 20px; font-family: Arial, sans-serif; line-height: 1.6; color: #34495e;\">\n<h2 style=\"color: #2980b9; border-bottom: 2px solid #2980b9; padding-bottom: 8px;\">Table des mati\u00e8res<\/h2>\n<ul style=\"list-style-type: disc; padding-left: 20px; margin-top: 0;\">\n<li style=\"margin-bottom: 8px;\"><a href=\"#introduction\" style=\"color: #2980b9; text-decoration: none;\">Introduction : La perception du risque dans le contexte social et \u00e9conomique fran\u00e7ais<\/a><\/li>\n<li style=\"margin-bottom: 8px;\"><a href=\"#comportements-sociaux\" style=\"color: #2980b9; text-decoration: none;\">La perception du risque et ses effets sur les comportements sociaux en France<\/a><\/li>\n<li style=\"margin-bottom: 8px;\"><a href=\"#decisions-economiques\" style=\"color: #2980b9; text-decoration: none;\">La perception du risque dans les d\u00e9cisions \u00e9conomiques : un moteur ou une barri\u00e8re ?<\/a><\/li>\n<li style=\"margin-bottom: 8px;\"><a href=\"#facteurs-modulateurs\" style=\"color: #2980b9; text-decoration: none;\">Facteurs psychologiques et sociaux qui modulent la perception du risque dans le contexte fran\u00e7ais<\/a><\/li>\n<li style=\"margin-bottom: 8px;\"><a href=\"#impact-politique\" style=\"color: #2980b9; text-decoration: none;\">Impact de la perception du risque sur les comportements politiques et civiques en France<\/a><\/li>\n<li style=\"margin-bottom: 8px;\"><a href=\"#tendances-futures\" style=\"color: #2980b9; text-decoration: none;\">Tendances actuelles et d\u00e9fis futurs : comment la perception du risque fa\u00e7onne l\u2019\u00e9volution de la soci\u00e9t\u00e9 fran\u00e7aise<\/a><\/li>\n<li style=\"margin-bottom: 8px;\"><a href=\"#psychologie-collective\" style=\"color: #2980b9; text-decoration: none;\">Retour \u00e0 la psychologie du risque : du comportement individuel \u00e0 la dynamique collective<\/a><\/li>\n<\/ul>\n<h2 id=\"introduction\" style=\"color: #2980b9; border-bottom: 2px solid #2980b9; padding-bottom: 8px; margin-top: 40px;\">1. Introduction : La perception du risque dans le contexte social et \u00e9conomique fran\u00e7ais<\/h2>\n<p style=\"margin-top: 20px;\">La perception du risque constitue un \u00e9l\u00e9ment central dans la compr\u00e9hension des comportements humains, autant sur le plan individuel que collectif. En France, comme dans de nombreuses soci\u00e9t\u00e9s occidentales, cette perception est fa\u00e7onn\u00e9e par une multitude de facteurs, allant des contextes historiques et culturels aux influences m\u00e9diatiques. Comprendre comment le public per\u00e7oit et r\u00e9agit face aux risques permet d\u2019\u00e9clairer les dynamiques sociales et \u00e9conomiques qui structurent notre quotidien.<\/p>\n<p style=\"margin-top: 20px;\">Il est essentiel de souligner que la perception du risque ne se limite pas \u00e0 une simple \u00e9valuation rationnelle ; elle int\u00e8gre \u00e9galement des dimensions \u00e9motionnelles, sociales et culturelles. Par exemple, la crainte de l\u2019ins\u00e9curit\u00e9 ou de l\u2019immigration, souvent amplifi\u00e9e par certains discours, influence profond\u00e9ment la mani\u00e8re dont les citoyens per\u00e7oivent leur environnement. De m\u00eame, la confiance dans les institutions joue un r\u00f4le d\u00e9terminant dans la fa\u00e7on dont la soci\u00e9t\u00e9 g\u00e8re les crises, qu\u2019elles soient sanitaires, \u00e9conomiques ou \u00e9cologiques.<\/p>\n<p style=\"margin-top: 20px;\">Ainsi, la transition de la psychologie individuelle vers une compr\u00e9hension plus large des dynamiques sociales et \u00e9conomiques permet d\u2019appr\u00e9hender la perception du risque comme un ph\u00e9nom\u00e8ne complexe et multidimensionnel. Elle devient un prisme \u00e0 travers lequel se lisent les comportements collectifs, fa\u00e7onnant nos r\u00e9ponses face \u00e0 l\u2019incertitude et aux d\u00e9fis de notre \u00e9poque. Pour mieux saisir ces enjeux, explorons d\u2019abord comment cette perception influence nos comportements sociaux en France.<\/p>\n<h3 style=\"margin-top: 30px; font-weight: normal;\">Pour approfondir, vous pouvez consulter l\u2019article <a href=\"https:\/\/fourasconsulting.com\/comment-la-psychologie-du-risque-faconne-nos-jeux-et-nos-choix-quotidiens\/\" style=\"color: #2980b9; text-decoration: underline;\">Comment la psychologie du risque fa\u00e7onne nos jeux et nos choix quotidiens<\/a>, qui offre une base solide pour comprendre les m\u00e9canismes psychologiques sous-jacents \u00e0 nos r\u00e9actions face au risque.<\/h3>\n<h2 id=\"comportements-sociaux\" style=\"color: #2980b9; border-bottom: 2px solid #2980b9; padding-bottom: 8px; margin-top: 40px;\">2. La perception du risque et ses effets sur les comportements sociaux en France<\/h2>\n<h3 style=\"margin-top: 20px; font-weight: normal;\">Gestion des risques dans la vie communautaire : solidarit\u00e9 et prudence<\/h3>\n<p style=\"margin-top: 10px;\">Dans la soci\u00e9t\u00e9 fran\u00e7aise, la mani\u00e8re dont les individus per\u00e7oivent le risque influence directement leur comportement en contexte collectif. La solidarit\u00e9, par exemple, se manifeste souvent par une conscience accrue des risques partag\u00e9s, comme lors des crises sanitaires ou des catastrophes naturelles. La prudence, quant \u00e0 elle, peut conduire \u00e0 des mesures restrictives pour prot\u00e9ger la coh\u00e9sion sociale, telles que la surveillance accrue ou la r\u00e9glementation renforc\u00e9e.<\/p>\n<h3 style=\"margin-top: 20px; font-weight: normal;\">Influence des facteurs culturels et historiques<\/h3>\n<p style=\"margin-top: 10px;\">La perception du risque en France est profond\u00e9ment ancr\u00e9e dans son histoire. Les exp\u00e9riences de crises, telles que les attentats terroristes ou les crises \u00e9conomiques, ont forg\u00e9 une culture de vigilance. La m\u00e9fiance envers certains sujets, comme la s\u00e9curit\u00e9 ou l\u2019immigration, r\u00e9sulte \u00e9galement d\u2019un h\u00e9ritage historique qui influence encore aujourd\u2019hui la perception collective du danger.<\/p>\n<h3 style=\"margin-top: 20px; font-weight: normal;\">La peur, la confiance et leur impact sur la coh\u00e9sion sociale<\/h3>\n<p style=\"margin-top: 10px;\">La peur peut fragiliser le tissu social en cr\u00e9ant des divisions ou en alimentant des discours populistes. \u00c0 l\u2019inverse, une confiance forte dans les institutions, telles que l\u2019\u00c9tat ou la police, favorise une meilleure coh\u00e9sion et une gestion plus efficace des risques. La perception collective du danger devient alors un levier pour renforcer ou fragiliser la solidarit\u00e9 nationale.<\/p>\n<h2 id=\"decisions-economiques\" style=\"color: #2980b9; border-bottom: 2px solid #2980b9; padding-bottom: 8px; margin-top: 40px;\">3. La perception du risque dans les d\u00e9cisions \u00e9conomiques : un moteur ou une barri\u00e8re ?<\/h2>\n<h3 style=\"margin-top: 20px; font-weight: normal;\">Perception du risque dans l\u2019investissement et l\u2019entrepreneuriat en France<\/h3>\n<p style=\"margin-top: 10px;\">Les entrepreneurs fran\u00e7ais, comme les investisseurs, prennent souvent en compte la perception du risque avant de se lancer dans un projet. La stabilit\u00e9 politique, la fiscalit\u00e9 ou encore la r\u00e9glementation jouent un r\u00f4le dans leur \u00e9valuation. Une perception n\u00e9gative du risque peut freiner l\u2019innovation, tandis qu\u2019une perception rassurante encourage la prise d\u2019initiative.<\/p>\n<h3 style=\"margin-top: 20px; font-weight: normal;\">Comportements face \u00e0 l\u2019incertitude \u00e9conomique<\/h3>\n<p style=\"margin-top: 10px;\">Face \u00e0 l\u2019incertitude, les Fran\u00e7ais tendent \u00e0 privil\u00e9gier l\u2019\u00e9pargne par prudence, limitant ainsi leur consommation ou leur engagement dans le cr\u00e9dit. Selon une \u00e9tude de la Banque de France, cette attitude est renforc\u00e9e par une perception de vuln\u00e9rabilit\u00e9 face aux fluctuations \u00e9conomiques, accentu\u00e9e par la crainte du ch\u00f4mage ou de la baisse de pouvoir d\u2019achat.<\/p>\n<h3 style=\"margin-top: 20px; font-weight: normal;\">R\u00f4le des institutions et de la communication<\/h3>\n<p style=\"margin-top: 10px;\">Les acteurs institutionnels ont un r\u00f4le crucial dans la mod\u00e9ration ou l\u2019amplification des perceptions de risque. Des campagnes de communication transparentes et rassurantes peuvent apaiser les inqui\u00e9tudes, tandis qu\u2019un manque d\u2019information ou une communication alarmiste peut aggraver la perception de danger, influen\u00e7ant ainsi n\u00e9gativement les comportements \u00e9conomiques.<\/p>\n<h2 id=\"facteurs-modulateurs\" style=\"color: #2980b9; border-bottom: 2px solid #2980b9; padding-bottom: 8px; margin-top: 40px;\">4. Facteurs psychologiques et sociaux qui modulent la perception du risque dans le contexte fran\u00e7ais<\/h2>\n<h3 style=\"margin-top: 20px; font-weight: normal;\">Influence des m\u00e9dias et des r\u00e9seaux sociaux<\/h3>\n<p style=\"margin-top: 10px;\">Les m\u00e9dias jouent un r\u00f4le d\u00e9terminant dans la formation de la perception collective. La mani\u00e8re dont les risques sont pr\u00e9sent\u00e9s, souvent sous un angle dramatique ou sensationnel, peut provoquer une amplification de la peur ou, au contraire, une d\u00e9sensibilisation. Les r\u00e9seaux sociaux accentuent cette dynamique en diffusant rapidement des informations, parfois non v\u00e9rifi\u00e9es, qui peuvent influencer durablement l\u2019opinion publique.<\/p>\n<h3 style=\"margin-top: 20px; font-weight: normal;\">Le r\u00f4le de l\u2019\u00e9ducation et de la sensibilisation<\/h3>\n<p style=\"margin-top: 10px;\">Une \u00e9ducation solide et une sensibilisation adapt\u00e9e permettent de d\u00e9velopper une attitude plus rationnelle face au risque. En France, l\u2019int\u00e9gration de programmes sur la gestion des risques dans l\u2019enseignement contribue \u00e0 forger une perception mieux calibr\u00e9e, \u00e9vitant \u00e0 la fois l\u2019alarmisme et la complaisance.<\/p>\n<h3 style=\"margin-top: 20px; font-weight: normal;\">Psychologie de groupe : conformisme et biais cognitifs<\/h3>\n<p style=\"margin-top: 10px;\">Les biais cognitifs, tels que l\u2019effet de troupe ou la tendance \u00e0 suivre l\u2019avis majoritaire, fa\u00e7onnent la perception collective. Le conformisme peut conduire \u00e0 minimiser ou exag\u00e9rer certains risques, selon la pression sociale ou la majorit\u00e9 d\u2019opinion. Comprendre ces m\u00e9canismes est essentiel pour anticiper la fa\u00e7on dont la soci\u00e9t\u00e9 r\u00e9agit aux crises.<\/p>\n<h2 id=\"impact-politique\" style=\"color: #2980b9; border-bottom: 2px solid #2980b9; padding-bottom: 8px; margin-top: 40px;\">5. Impact de la perception du risque sur les comportements politiques et civiques en France<\/h2>\n<h3 style=\"margin-top: 20px; font-weight: normal;\">Participation \u00e9lectorale et mouvements sociaux<\/h3>\n<p style=\"margin-top: 10px;\">La perception du risque influence fortement la participation aux \u00e9lections ou aux mouvements sociaux. Par exemple, en p\u00e9riode de crise \u00e9cologique ou sanitaire, une perception accrue du danger peut soit mobiliser, soit d\u00e9sengager la population, selon la confiance qu\u2019elle accorde aux solutions propos\u00e9es.<\/p>\n<h3 style=\"margin-top: 20px; font-weight: normal;\">Confiance dans l\u2019\u00c9tat et les institutions<\/h3>\n<p style=\"margin-top: 10px;\">Lors des crises, la confiance dans les institutions appara\u00eet comme un facteur cl\u00e9. Une communication claire et efficace peut renforcer cette confiance, r\u00e9duisant ainsi la perception de risque comme un facteur de chaos ou d\u2019incertitude majeure.<\/p>\n<h3 style=\"margin-top: 20px; font-weight: normal;\">Perception du risque et polarisation politique<\/h3>\n<p style=\"margin-top: 10px;\">Les divergences dans la perception du danger peuvent approfondir la polarisation politique. Certains partis ou mouvements exploitent la peur pour mobiliser leurs \u00e9lecteurs, ce qui peut conduire \u00e0 une fragmentation accrue du paysage politique fran\u00e7ais.<\/p>\n<h2 id=\"tendances-futures\" style=\"color: #2980b9; border-bottom: 2px solid #2980b9; padding-bottom: 8px; margin-top: 40px;\">6. Tendances actuelles et d\u00e9fis futurs : comment la perception du risque fa\u00e7onne l\u2019\u00e9volution de la soci\u00e9t\u00e9 fran\u00e7aise<\/h2>\n<h3 style=\"margin-top: 20px; font-weight: normal;\">Crise climatique et perception environnementale<\/h3>\n<p style=\"margin-top: 10px;\">La crise climatique modifie profond\u00e9ment la perception des risques environnementaux. La sensibilisation croissante mobilise une partie de la soci\u00e9t\u00e9, mais peut aussi g\u00e9n\u00e9rer de l\u2019anxi\u00e9t\u00e9 ou de l\u2019indiff\u00e9rence, selon les segments et leur degr\u00e9 d\u2019information.<\/p>\n<h3 style=\"margin-top: 20px; font-weight: normal;\">Digitalisation et vuln\u00e9rabilit\u00e9 technologique<\/h3>\n<p style=\"margin-top: 10px;\">La digitalisation accrue expose la soci\u00e9t\u00e9 fran\u00e7aise \u00e0 de nouveaux risques, notamment cyberattaques ou d\u00e9faillances technologiques. La perception de ces risques, souvent amplifi\u00e9e par les m\u00e9dias, pousse \u00e0 une vigilance renforc\u00e9e ou \u00e0 une certaine r\u00e9signation.<\/p>\n<h3 style=\"margin-top: 20px; font-weight: normal;\">R\u00e9silience face aux risques \u00e9mergents<\/h3>\n<p style=\"margin-top: 10px;\">Face \u00e0 ces enjeux, la r\u00e9silience collective et individuelle doit \u00eatre renforc\u00e9e. La capacit\u00e9 \u00e0 anticiper, \u00e0 s\u2019adapter et \u00e0 g\u00e9rer les risques futurs d\u00e9pend largement d\u2019une perception r\u00e9aliste et inform\u00e9e, qui doit \u00eatre nourrie par une communication claire et une \u00e9ducation adapt\u00e9e.<\/p>\n<h2 id=\"psychologie-collective\" style=\"color: #2980b9; border-bottom: 2px solid #2980b9; padding-bottom: 8px; margin-top: 40px;\">7. Retour \u00e0 la psychologie du risque : du comportement individuel \u00e0 la dynamique collective<\/h2>\n<h3 style=\"margin-top: 20px; font-weight: normal;\">Comprendre la psychologie individuelle pour mieux g\u00e9rer les risques<\/h3>\n<p style=\"margin-top: 10px;\">Une meilleure connaissance des m\u00e9canismes psychologiques individuels, tels que la perception de l\u2019incertitude ou la gestion de la peur, permet aux d\u00e9cideurs de concevoir des strat\u00e9gies de communication et d\u2019intervention plus efficaces. La psychologie du risque s\u2019\u00e9claire ainsi par une approche individualis\u00e9e, tout en int\u00e9grant la dimension collective.<\/p>\n<h3 style=\"margin-top: 20px; font-weight: normal;\">Int\u00e9gration des perceptions dans la politique publique<\/h3>\n<p style=\"margin-top: 10px;\">Les politiques publiques efficaces doivent tenir compte des perceptions du risque pour mieux mobiliser la confiance et l\u2019engagement citoyen. Une communication transparente, bas\u00e9e sur des faits et adapt\u00e9e aux sensibilit\u00e9s sociales, favorise une coop\u00e9ration plus constructive face aux d\u00e9fis futurs.<\/p>\n<h3 style=\"margin-top: 20px; font-weight: normal;\">Vers une conscience collective renforc\u00e9e<\/h3>\n<p style=\"margin-top: 10px;\">En d\u00e9veloppant une conscience collective r\u00e9aliste et inform\u00e9e, la soci\u00e9t\u00e9 fran\u00e7aise peut mieux anticiper et g\u00e9rer ses risques. Cela implique une mobilisation continue autour de l\u2019\u00e9ducation, de la transparence et du dialogue, afin de construire une r\u00e9silience partag\u00e9e face aux incertitudes qui nous attendent.<\/p>\n<\/div>\n","protected":false},"excerpt":{"rendered":"<p>Table des mati\u00e8res Introduction : La perception du risque dans le contexte social et \u00e9conomique fran\u00e7ais La perception du risque et ses effets sur les comportements sociaux en France La perception du risque dans les d\u00e9cisions \u00e9conomiques : un moteur ou une barri\u00e8re ? Facteurs psychologiques et sociaux qui modulent la perception du risque dans [&hellip;]<\/p>\n","protected":false},"author":1,"featured_media":0,"comment_status":"open","ping_status":"open","sticky":false,"template":"","format":"standard","meta":{"_et_pb_use_builder":"","_et_pb_old_content":"","_et_gb_content_width":"","footnotes":""},"categories":[1],"tags":[],"class_list":["post-2854","post","type-post","status-publish","format-standard","hentry","category-1"],"_links":{"self":[{"href":"https:\/\/shafaq.ly\/en\/wp-json\/wp\/v2\/posts\/2854","targetHints":{"allow":["GET"]}}],"collection":[{"href":"https:\/\/shafaq.ly\/en\/wp-json\/wp\/v2\/posts"}],"about":[{"href":"https:\/\/shafaq.ly\/en\/wp-json\/wp\/v2\/types\/post"}],"author":[{"embeddable":true,"href":"https:\/\/shafaq.ly\/en\/wp-json\/wp\/v2\/users\/1"}],"replies":[{"embeddable":true,"href":"https:\/\/shafaq.ly\/en\/wp-json\/wp\/v2\/comments?post=2854"}],"version-history":[{"count":0,"href":"https:\/\/shafaq.ly\/en\/wp-json\/wp\/v2\/posts\/2854\/revisions"}],"wp:attachment":[{"href":"https:\/\/shafaq.ly\/en\/wp-json\/wp\/v2\/media?parent=2854"}],"wp:term":[{"taxonomy":"category","embeddable":true,"href":"https:\/\/shafaq.ly\/en\/wp-json\/wp\/v2\/categories?post=2854"},{"taxonomy":"post_tag","embeddable":true,"href":"https:\/\/shafaq.ly\/en\/wp-json\/wp\/v2\/tags?post=2854"}],"curies":[{"name":"wp","href":"https:\/\/api.w.org\/{rel}","templated":true}]}}